{"id":871,"date":"2026-04-29T06:42:12","date_gmt":"2026-04-29T06:42:12","guid":{"rendered":"https:\/\/carolinamejias.com\/?p=871"},"modified":"2026-04-29T06:42:12","modified_gmt":"2026-04-29T06:42:12","slug":"carolina-mejias-mi-madre-hacia-un-potaje-y-yo-con-seis-anos-le-dije-voy-a-ser-pintora","status":"publish","type":"post","link":"https:\/\/carolinamejias.com\/de\/carolina-mejias-mi-madre-hacia-un-potaje-y-yo-con-seis-anos-le-dije-voy-a-ser-pintora\/","title":{"rendered":"Carolina Mej\u00edas: \u00abMi madre hac\u00eda un potaje y yo con seis a\u00f1os le dije, voy a ser pintora\u00bb"},"content":{"rendered":"<p><img fetchpriority=\"high\" decoding=\"async\" class=\"alignnone wp-image-872 size-full\" src=\"https:\/\/carolinamejias.com\/wp-content\/uploads\/2026\/04\/27f38156-9181-47e8-bdfc-177bf916293c_source-aspect-ratio_default_0.webp\" alt=\"Pintora profesional en canarias\" width=\"1296\" height=\"728\" srcset=\"https:\/\/carolinamejias.com\/wp-content\/uploads\/2026\/04\/27f38156-9181-47e8-bdfc-177bf916293c_source-aspect-ratio_default_0.webp 1296w, https:\/\/carolinamejias.com\/wp-content\/uploads\/2026\/04\/27f38156-9181-47e8-bdfc-177bf916293c_source-aspect-ratio_default_0-300x169.webp 300w, https:\/\/carolinamejias.com\/wp-content\/uploads\/2026\/04\/27f38156-9181-47e8-bdfc-177bf916293c_source-aspect-ratio_default_0-1024x575.webp 1024w, https:\/\/carolinamejias.com\/wp-content\/uploads\/2026\/04\/27f38156-9181-47e8-bdfc-177bf916293c_source-aspect-ratio_default_0-768x431.webp 768w, https:\/\/carolinamejias.com\/wp-content\/uploads\/2026\/04\/27f38156-9181-47e8-bdfc-177bf916293c_source-aspect-ratio_default_0-18x10.webp 18w\" sizes=\"(max-width: 1296px) 100vw, 1296px\" \/><\/p>\n<p><strong>Pintora profesional. Es de Vecindario, en el municipio de Santa Luc\u00eda de Tirajana. \u00bfQu\u00e9 recuerdos tiene de su ni\u00f1ez?<\/strong><\/p>\n<p>De mi ni\u00f1ez tengo los recuerdos de disfrutar del mar, de mis amigos de infancia, de las comidas riqu\u00edsimas de mi madre y del equipo de f\u00fatbol sala de mis amigos de la adolescencia.<\/p>\n<p><a href=\"https:\/\/www.laprovincia.es\/gran-canaria\/2024\/12\/03\/carolina-mejias-madre-potaje-seis-112302391.html?utm_source=whatsapp&amp;utm_medium=social&amp;utm_campaign=btn-share\" target=\"_blank\" rel=\"noopener\">Leer noticia completa<\/a><\/p>","protected":false},"excerpt":{"rendered":"<p>Pintora profesional. Es de Vecindario, en el municipio de Santa Luc\u00eda de Tirajana. \u00bfQu\u00e9 recuerdos tiene de su ni\u00f1ez? De mi ni\u00f1ez tengo los recuerdos de disfrutar del mar, de [&hellip;]<\/p>\n","protected":false},"author":3,"featured_media":872,"comment_status":"open","ping_status":"closed","sticky":false,"template":"","format":"standard","meta":{"footnotes":""},"categories":[10],"tags":[],"class_list":["post-871","post","type-post","status-publish","format-standard","has-post-thumbnail","hentry","category-blog"],"yoast_head":"<!-- This site is optimized with the Yoast SEO plugin v27.4 - https:\/\/yoast.com\/product\/yoast-seo-wordpress\/ -->\n<title>Carolina Mej\u00edas: &quot;Mi madre hac\u00eda un potaje y yo con seis a\u00f1os le dije, voy a ser pintora&quot; - Cuadros por Encargo Gran Canaria - Carolina Mejias<\/title>\n<meta name=\"robots\" content=\"index, follow, max-snippet:-1, max-image-preview:large, max-video-preview:-1\" \/>\n<link rel=\"canonical\" href=\"https:\/\/carolinamejias.com\/de\/carolina-mejias-mi-madre-hacia-un-potaje-y-yo-con-seis-anos-le-dije-voy-a-ser-pintora\/\" \/>\n<meta property=\"og:locale\" content=\"de_DE\" \/>\n<meta property=\"og:type\" content=\"article\" \/>\n<meta property=\"og:title\" content=\"Carolina Mej\u00edas: &quot;Mi madre hac\u00eda un potaje y yo con seis a\u00f1os le dije, voy a ser pintora&quot; - Cuadros por Encargo Gran Canaria - Carolina Mejias\" \/>\n<meta property=\"og:description\" content=\"Pintora profesional. Es de Vecindario, en el municipio de Santa Luc\u00eda de Tirajana. \u00bfQu\u00e9 recuerdos tiene de su ni\u00f1ez? De mi ni\u00f1ez tengo los recuerdos de disfrutar del mar, de [&hellip;]\" \/>\n<meta property=\"og:url\" content=\"https:\/\/carolinamejias.com\/de\/carolina-mejias-mi-madre-hacia-un-potaje-y-yo-con-seis-anos-le-dije-voy-a-ser-pintora\/\" \/>\n<meta property=\"og:site_name\" content=\"Cuadros por Encargo Gran Canaria - Carolina Mejias\" \/>\n<meta property=\"article:published_time\" content=\"2026-04-29T06:42:12+00:00\" \/>\n<meta property=\"og:image\" content=\"https:\/\/carolinamejias.com\/wp-content\/uploads\/2026\/04\/27f38156-9181-47e8-bdfc-177bf916293c_source-aspect-ratio_default_0.webp\" \/>\n\t<meta property=\"og:image:width\" content=\"1296\" \/>\n\t<meta property=\"og:image:height\" content=\"728\" \/>\n\t<meta property=\"og:image:type\" content=\"image\/webp\" \/>\n<meta name=\"author\" content=\"atsys\" \/>\n<meta name=\"twitter:card\" content=\"summary_large_image\" \/>\n<meta name=\"twitter:label1\" content=\"Verfasst von\" \/>\n\t<meta name=\"twitter:data1\" content=\"atsys\" \/>\n\t<meta name=\"twitter:label2\" content=\"Gesch\u00e4tzte Lesezeit\" \/>\n\t<meta name=\"twitter:data2\" content=\"1\u00a0Minute\" \/>\n<script type=\"application\/ld+json\" class=\"yoast-schema-graph\">{\"@context\":\"https:\\\/\\\/schema.org\",\"@graph\":[{\"@type\":\"Article\",\"@id\":\"https:\\\/\\\/carolinamejias.com\\\/carolina-mejias-mi-madre-hacia-un-potaje-y-yo-con-seis-anos-le-dije-voy-a-ser-pintora\\\/#article\",\"isPartOf\":{\"@id\":\"https:\\\/\\\/carolinamejias.com\\\/carolina-mejias-mi-madre-hacia-un-potaje-y-yo-con-seis-anos-le-dije-voy-a-ser-pintora\\\/\"},\"author\":{\"name\":\"atsys\",\"@id\":\"https:\\\/\\\/carolinamejias.com\\\/#\\\/schema\\\/person\\\/7515e7ee795390fa8c0146b004bf4472\"},\"headline\":\"Carolina Mej\u00edas: \u00abMi madre hac\u00eda un potaje y yo con seis a\u00f1os le dije, voy a ser pintora\u00bb\",\"datePublished\":\"2026-04-29T06:42:12+00:00\",\"mainEntityOfPage\":{\"@id\":\"https:\\\/\\\/carolinamejias.com\\\/carolina-mejias-mi-madre-hacia-un-potaje-y-yo-con-seis-anos-le-dije-voy-a-ser-pintora\\\/\"},\"wordCount\":82,\"commentCount\":0,\"image\":{\"@id\":\"https:\\\/\\\/carolinamejias.com\\\/carolina-mejias-mi-madre-hacia-un-potaje-y-yo-con-seis-anos-le-dije-voy-a-ser-pintora\\\/#primaryimage\"},\"thumbnailUrl\":\"https:\\\/\\\/carolinamejias.com\\\/wp-content\\\/uploads\\\/2026\\\/04\\\/27f38156-9181-47e8-bdfc-177bf916293c_source-aspect-ratio_default_0.webp\",\"articleSection\":[\"Blog\"],\"inLanguage\":\"de\",\"potentialAction\":[{\"@type\":\"CommentAction\",\"name\":\"Comment\",\"target\":[\"https:\\\/\\\/carolinamejias.com\\\/carolina-mejias-mi-madre-hacia-un-potaje-y-yo-con-seis-anos-le-dije-voy-a-ser-pintora\\\/#respond\"]}]},{\"@type\":\"WebPage\",\"@id\":\"https:\\\/\\\/carolinamejias.com\\\/carolina-mejias-mi-madre-hacia-un-potaje-y-yo-con-seis-anos-le-dije-voy-a-ser-pintora\\\/\",\"url\":\"https:\\\/\\\/carolinamejias.com\\\/carolina-mejias-mi-madre-hacia-un-potaje-y-yo-con-seis-anos-le-dije-voy-a-ser-pintora\\\/\",\"name\":\"Carolina Mej\u00edas: \\\"Mi madre hac\u00eda un potaje y yo con seis a\u00f1os le dije, voy a ser pintora\\\" - Cuadros por Encargo Gran Canaria - Carolina Mejias\",\"isPartOf\":{\"@id\":\"https:\\\/\\\/carolinamejias.com\\\/#website\"},\"primaryImageOfPage\":{\"@id\":\"https:\\\/\\\/carolinamejias.com\\\/carolina-mejias-mi-madre-hacia-un-potaje-y-yo-con-seis-anos-le-dije-voy-a-ser-pintora\\\/#primaryimage\"},\"image\":{\"@id\":\"https:\\\/\\\/carolinamejias.com\\\/carolina-mejias-mi-madre-hacia-un-potaje-y-yo-con-seis-anos-le-dije-voy-a-ser-pintora\\\/#primaryimage\"},\"thumbnailUrl\":\"https:\\\/\\\/carolinamejias.com\\\/wp-content\\\/uploads\\\/2026\\\/04\\\/27f38156-9181-47e8-bdfc-177bf916293c_source-aspect-ratio_default_0.webp\",\"datePublished\":\"2026-04-29T06:42:12+00:00\",\"author\":{\"@id\":\"https:\\\/\\\/carolinamejias.com\\\/#\\\/schema\\\/person\\\/7515e7ee795390fa8c0146b004bf4472\"},\"breadcrumb\":{\"@id\":\"https:\\\/\\\/carolinamejias.com\\\/carolina-mejias-mi-madre-hacia-un-potaje-y-yo-con-seis-anos-le-dije-voy-a-ser-pintora\\\/#breadcrumb\"},\"inLanguage\":\"de\",\"potentialAction\":[{\"@type\":\"ReadAction\",\"target\":[\"https:\\\/\\\/carolinamejias.com\\\/carolina-mejias-mi-madre-hacia-un-potaje-y-yo-con-seis-anos-le-dije-voy-a-ser-pintora\\\/\"]}]},{\"@type\":\"ImageObject\",\"inLanguage\":\"de\",\"@id\":\"https:\\\/\\\/carolinamejias.com\\\/carolina-mejias-mi-madre-hacia-un-potaje-y-yo-con-seis-anos-le-dije-voy-a-ser-pintora\\\/#primaryimage\",\"url\":\"https:\\\/\\\/carolinamejias.com\\\/wp-content\\\/uploads\\\/2026\\\/04\\\/27f38156-9181-47e8-bdfc-177bf916293c_source-aspect-ratio_default_0.webp\",\"contentUrl\":\"https:\\\/\\\/carolinamejias.com\\\/wp-content\\\/uploads\\\/2026\\\/04\\\/27f38156-9181-47e8-bdfc-177bf916293c_source-aspect-ratio_default_0.webp\",\"width\":1296,\"height\":728,\"caption\":\"Pintora profesional en canarias\"},{\"@type\":\"BreadcrumbList\",\"@id\":\"https:\\\/\\\/carolinamejias.com\\\/carolina-mejias-mi-madre-hacia-un-potaje-y-yo-con-seis-anos-le-dije-voy-a-ser-pintora\\\/#breadcrumb\",\"itemListElement\":[{\"@type\":\"ListItem\",\"position\":1,\"name\":\"Portada\",\"item\":\"https:\\\/\\\/carolinamejias.com\\\/\"},{\"@type\":\"ListItem\",\"position\":2,\"name\":\"Carolina Mej\u00edas: \u00abMi madre hac\u00eda un potaje y yo con seis a\u00f1os le dije, voy a ser pintora\u00bb\"}]},{\"@type\":\"WebSite\",\"@id\":\"https:\\\/\\\/carolinamejias.com\\\/#website\",\"url\":\"https:\\\/\\\/carolinamejias.com\\\/\",\"name\":\"Cuadros por Encargo Gran Canaria - Carolina Mejias\",\"description\":\"Pintora art\u00edstica en Las Palmas\",\"potentialAction\":[{\"@type\":\"SearchAction\",\"target\":{\"@type\":\"EntryPoint\",\"urlTemplate\":\"https:\\\/\\\/carolinamejias.com\\\/?s={search_term_string}\"},\"query-input\":{\"@type\":\"PropertyValueSpecification\",\"valueRequired\":true,\"valueName\":\"search_term_string\"}}],\"inLanguage\":\"de\"},{\"@type\":\"Person\",\"@id\":\"https:\\\/\\\/carolinamejias.com\\\/#\\\/schema\\\/person\\\/7515e7ee795390fa8c0146b004bf4472\",\"name\":\"atsys\",\"image\":{\"@type\":\"ImageObject\",\"inLanguage\":\"de\",\"@id\":\"https:\\\/\\\/secure.gravatar.com\\\/avatar\\\/47570eafb04ce9d910c93c937c92f0d2fc595507cc5f4508e583ef4e38abdd83?s=96&d=mm&r=g\",\"url\":\"https:\\\/\\\/secure.gravatar.com\\\/avatar\\\/47570eafb04ce9d910c93c937c92f0d2fc595507cc5f4508e583ef4e38abdd83?s=96&d=mm&r=g\",\"contentUrl\":\"https:\\\/\\\/secure.gravatar.com\\\/avatar\\\/47570eafb04ce9d910c93c937c92f0d2fc595507cc5f4508e583ef4e38abdd83?s=96&d=mm&r=g\",\"caption\":\"atsys\"}}]}<\/script>\n<!-- \/ Yoast SEO plugin. -->","yoast_head_json":{"title":"Carolina Mej\u00edas: \"Mi madre hac\u00eda un potaje y yo con seis a\u00f1os le dije, voy a ser pintora\" - Cuadros por Encargo Gran Canaria - Carolina Mejias","robots":{"index":"index","follow":"follow","max-snippet":"max-snippet:-1","max-image-preview":"max-image-preview:large","max-video-preview":"max-video-preview:-1"},"canonical":"https:\/\/carolinamejias.com\/de\/carolina-mejias-mi-madre-hacia-un-potaje-y-yo-con-seis-anos-le-dije-voy-a-ser-pintora\/","og_locale":"de_DE","og_type":"article","og_title":"Carolina Mej\u00edas: \"Mi madre hac\u00eda un potaje y yo con seis a\u00f1os le dije, voy a ser pintora\" - Cuadros por Encargo Gran Canaria - Carolina Mejias","og_description":"Pintora profesional. Es de Vecindario, en el municipio de Santa Luc\u00eda de Tirajana. \u00bfQu\u00e9 recuerdos tiene de su ni\u00f1ez? De mi ni\u00f1ez tengo los recuerdos de disfrutar del mar, de [&hellip;]","og_url":"https:\/\/carolinamejias.com\/de\/carolina-mejias-mi-madre-hacia-un-potaje-y-yo-con-seis-anos-le-dije-voy-a-ser-pintora\/","og_site_name":"Cuadros por Encargo Gran Canaria - Carolina Mejias","article_published_time":"2026-04-29T06:42:12+00:00","og_image":[{"width":1296,"height":728,"url":"https:\/\/carolinamejias.com\/wp-content\/uploads\/2026\/04\/27f38156-9181-47e8-bdfc-177bf916293c_source-aspect-ratio_default_0.webp","type":"image\/webp"}],"author":"atsys","twitter_card":"summary_large_image","twitter_misc":{"Verfasst von":"atsys","Gesch\u00e4tzte Lesezeit":"1\u00a0Minute"},"schema":{"@context":"https:\/\/schema.org","@graph":[{"@type":"Article","@id":"https:\/\/carolinamejias.com\/carolina-mejias-mi-madre-hacia-un-potaje-y-yo-con-seis-anos-le-dije-voy-a-ser-pintora\/#article","isPartOf":{"@id":"https:\/\/carolinamejias.com\/carolina-mejias-mi-madre-hacia-un-potaje-y-yo-con-seis-anos-le-dije-voy-a-ser-pintora\/"},"author":{"name":"atsys","@id":"https:\/\/carolinamejias.com\/#\/schema\/person\/7515e7ee795390fa8c0146b004bf4472"},"headline":"Carolina Mej\u00edas: \u00abMi madre hac\u00eda un potaje y yo con seis a\u00f1os le dije, voy a ser pintora\u00bb","datePublished":"2026-04-29T06:42:12+00:00","mainEntityOfPage":{"@id":"https:\/\/carolinamejias.com\/carolina-mejias-mi-madre-hacia-un-potaje-y-yo-con-seis-anos-le-dije-voy-a-ser-pintora\/"},"wordCount":82,"commentCount":0,"image":{"@id":"https:\/\/carolinamejias.com\/carolina-mejias-mi-madre-hacia-un-potaje-y-yo-con-seis-anos-le-dije-voy-a-ser-pintora\/#primaryimage"},"thumbnailUrl":"https:\/\/carolinamejias.com\/wp-content\/uploads\/2026\/04\/27f38156-9181-47e8-bdfc-177bf916293c_source-aspect-ratio_default_0.webp","articleSection":["Blog"],"inLanguage":"de","potentialAction":[{"@type":"CommentAction","name":"Comment","target":["https:\/\/carolinamejias.com\/carolina-mejias-mi-madre-hacia-un-potaje-y-yo-con-seis-anos-le-dije-voy-a-ser-pintora\/#respond"]}]},{"@type":"WebPage","@id":"https:\/\/carolinamejias.com\/carolina-mejias-mi-madre-hacia-un-potaje-y-yo-con-seis-anos-le-dije-voy-a-ser-pintora\/","url":"https:\/\/carolinamejias.com\/carolina-mejias-mi-madre-hacia-un-potaje-y-yo-con-seis-anos-le-dije-voy-a-ser-pintora\/","name":"Carolina Mej\u00edas: \"Mi madre hac\u00eda un potaje y yo con seis a\u00f1os le dije, voy a ser pintora\" - Cuadros por Encargo Gran Canaria - Carolina Mejias","isPartOf":{"@id":"https:\/\/carolinamejias.com\/#website"},"primaryImageOfPage":{"@id":"https:\/\/carolinamejias.com\/carolina-mejias-mi-madre-hacia-un-potaje-y-yo-con-seis-anos-le-dije-voy-a-ser-pintora\/#primaryimage"},"image":{"@id":"https:\/\/carolinamejias.com\/carolina-mejias-mi-madre-hacia-un-potaje-y-yo-con-seis-anos-le-dije-voy-a-ser-pintora\/#primaryimage"},"thumbnailUrl":"https:\/\/carolinamejias.com\/wp-content\/uploads\/2026\/04\/27f38156-9181-47e8-bdfc-177bf916293c_source-aspect-ratio_default_0.webp","datePublished":"2026-04-29T06:42:12+00:00","author":{"@id":"https:\/\/carolinamejias.com\/#\/schema\/person\/7515e7ee795390fa8c0146b004bf4472"},"breadcrumb":{"@id":"https:\/\/carolinamejias.com\/carolina-mejias-mi-madre-hacia-un-potaje-y-yo-con-seis-anos-le-dije-voy-a-ser-pintora\/#breadcrumb"},"inLanguage":"de","potentialAction":[{"@type":"ReadAction","target":["https:\/\/carolinamejias.com\/carolina-mejias-mi-madre-hacia-un-potaje-y-yo-con-seis-anos-le-dije-voy-a-ser-pintora\/"]}]},{"@type":"ImageObject","inLanguage":"de","@id":"https:\/\/carolinamejias.com\/carolina-mejias-mi-madre-hacia-un-potaje-y-yo-con-seis-anos-le-dije-voy-a-ser-pintora\/#primaryimage","url":"https:\/\/carolinamejias.com\/wp-content\/uploads\/2026\/04\/27f38156-9181-47e8-bdfc-177bf916293c_source-aspect-ratio_default_0.webp","contentUrl":"https:\/\/carolinamejias.com\/wp-content\/uploads\/2026\/04\/27f38156-9181-47e8-bdfc-177bf916293c_source-aspect-ratio_default_0.webp","width":1296,"height":728,"caption":"Pintora profesional en canarias"},{"@type":"BreadcrumbList","@id":"https:\/\/carolinamejias.com\/carolina-mejias-mi-madre-hacia-un-potaje-y-yo-con-seis-anos-le-dije-voy-a-ser-pintora\/#breadcrumb","itemListElement":[{"@type":"ListItem","position":1,"name":"Portada","item":"https:\/\/carolinamejias.com\/"},{"@type":"ListItem","position":2,"name":"Carolina Mej\u00edas: \u00abMi madre hac\u00eda un potaje y yo con seis a\u00f1os le dije, voy a ser pintora\u00bb"}]},{"@type":"WebSite","@id":"https:\/\/carolinamejias.com\/#website","url":"https:\/\/carolinamejias.com\/","name":"Cuadros por Encargo Gran Canaria - Carolina Mejias","description":"Pintora art\u00edstica en Las Palmas","potentialAction":[{"@type":"SearchAction","target":{"@type":"EntryPoint","urlTemplate":"https:\/\/carolinamejias.com\/?s={search_term_string}"},"query-input":{"@type":"PropertyValueSpecification","valueRequired":true,"valueName":"search_term_string"}}],"inLanguage":"de"},{"@type":"Person","@id":"https:\/\/carolinamejias.com\/#\/schema\/person\/7515e7ee795390fa8c0146b004bf4472","name":"atsys","image":{"@type":"ImageObject","inLanguage":"de","@id":"https:\/\/secure.gravatar.com\/avatar\/47570eafb04ce9d910c93c937c92f0d2fc595507cc5f4508e583ef4e38abdd83?s=96&d=mm&r=g","url":"https:\/\/secure.gravatar.com\/avatar\/47570eafb04ce9d910c93c937c92f0d2fc595507cc5f4508e583ef4e38abdd83?s=96&d=mm&r=g","contentUrl":"https:\/\/secure.gravatar.com\/avatar\/47570eafb04ce9d910c93c937c92f0d2fc595507cc5f4508e583ef4e38abdd83?s=96&d=mm&r=g","caption":"atsys"}}]}},"_links":{"self":[{"href":"https:\/\/carolinamejias.com\/de\/wp-json\/wp\/v2\/posts\/871","targetHints":{"allow":["GET"]}}],"collection":[{"href":"https:\/\/carolinamejias.com\/de\/wp-json\/wp\/v2\/posts"}],"about":[{"href":"https:\/\/carolinamejias.com\/de\/wp-json\/wp\/v2\/types\/post"}],"author":[{"embeddable":true,"href":"https:\/\/carolinamejias.com\/de\/wp-json\/wp\/v2\/users\/3"}],"replies":[{"embeddable":true,"href":"https:\/\/carolinamejias.com\/de\/wp-json\/wp\/v2\/comments?post=871"}],"version-history":[{"count":1,"href":"https:\/\/carolinamejias.com\/de\/wp-json\/wp\/v2\/posts\/871\/revisions"}],"predecessor-version":[{"id":873,"href":"https:\/\/carolinamejias.com\/de\/wp-json\/wp\/v2\/posts\/871\/revisions\/873"}],"wp:featuredmedia":[{"embeddable":true,"href":"https:\/\/carolinamejias.com\/de\/wp-json\/wp\/v2\/media\/872"}],"wp:attachment":[{"href":"https:\/\/carolinamejias.com\/de\/wp-json\/wp\/v2\/media?parent=871"}],"wp:term":[{"taxonomy":"category","embeddable":true,"href":"https:\/\/carolinamejias.com\/de\/wp-json\/wp\/v2\/categories?post=871"},{"taxonomy":"post_tag","embeddable":true,"href":"https:\/\/carolinamejias.com\/de\/wp-json\/wp\/v2\/tags?post=871"}],"curies":[{"name":"wp","href":"https:\/\/api.w.org\/{rel}","templated":true}]}}