{"id":866,"date":"2026-04-29T06:38:23","date_gmt":"2026-04-29T06:38:23","guid":{"rendered":"https:\/\/carolinamejias.com\/?p=866"},"modified":"2026-04-29T06:39:17","modified_gmt":"2026-04-29T06:39:17","slug":"carolina-mejias-la-base-de-mi-trabajo-es-el-apoyo-de-mi-familia-mis-amigos-y-galeristas","status":"publish","type":"post","link":"https:\/\/carolinamejias.com\/en\/carolina-mejias-la-base-de-mi-trabajo-es-el-apoyo-de-mi-familia-mis-amigos-y-galeristas\/","title":{"rendered":"Carolina Mej\u00edas: \u00abLa base de mi trabajo es el apoyo de mi familia, mis amigos y galeristas\u00bb"},"content":{"rendered":"<p><img fetchpriority=\"high\" decoding=\"async\" class=\"alignnone wp-image-867 size-full\" src=\"https:\/\/carolinamejias.com\/wp-content\/uploads\/2026\/04\/85765c65-7e2c-4097-b84e-c9d153d20752_16-9-aspect-ratio_default_0.webp\" alt=\"\" width=\"880\" height=\"495\" srcset=\"https:\/\/carolinamejias.com\/wp-content\/uploads\/2026\/04\/85765c65-7e2c-4097-b84e-c9d153d20752_16-9-aspect-ratio_default_0.webp 880w, https:\/\/carolinamejias.com\/wp-content\/uploads\/2026\/04\/85765c65-7e2c-4097-b84e-c9d153d20752_16-9-aspect-ratio_default_0-300x169.webp 300w, https:\/\/carolinamejias.com\/wp-content\/uploads\/2026\/04\/85765c65-7e2c-4097-b84e-c9d153d20752_16-9-aspect-ratio_default_0-768x432.webp 768w, https:\/\/carolinamejias.com\/wp-content\/uploads\/2026\/04\/85765c65-7e2c-4097-b84e-c9d153d20752_16-9-aspect-ratio_default_0-18x10.webp 18w\" sizes=\"(max-width: 880px) 100vw, 880px\" \/><\/p>\n<p>Paz, naturaleza, luz, cari\u00f1o, amor y dedicaci\u00f3n. As\u00ed llena su obra pict\u00f3rica Carolina Mej\u00edas. Admira todo tipo de arte, Sorolla \u00abque es la luz\u00bb, o Frida Kahlo. Ella se decanta por huir del sufrimiento y describe en pinturas lo bonito de la vida. Esta artista de Vecindario, que ha expuesto en M\u00f3naco, Alemania o Par\u00eds, ofrece ya \u2018El Pincel de las Realidades\u2019 en el \u00c1mbito Cultural de Corte Ingl\u00e9s. La gu\u00edan sus \u00ab\u00e1ngeles de la Guarda\u00bb.<\/p>\n<p><a href=\"https:\/\/www.laprovincia.es\/gran-canaria\/2023\/12\/12\/carolina-mejias-base-trabajo-apoyo-95719379.html?utm_source=whatsapp&amp;utm_medium=social&amp;utm_campaign=btn-share\" target=\"_blank\" rel=\"noopener\">Leer noticia completa<\/a><\/p>","protected":false},"excerpt":{"rendered":"<p>Paz, naturaleza, luz, cari\u00f1o, amor y dedicaci\u00f3n. As\u00ed llena su obra pict\u00f3rica Carolina Mej\u00edas. Admira todo tipo de arte, Sorolla \u00abque es la luz\u00bb, o Frida Kahlo. Ella se decanta [&hellip;]<\/p>\n","protected":false},"author":3,"featured_media":867,"comment_status":"open","ping_status":"closed","sticky":false,"template":"","format":"standard","meta":{"footnotes":""},"categories":[10],"tags":[],"class_list":["post-866","post","type-post","status-publish","format-standard","has-post-thumbnail","hentry","category-blog"],"yoast_head":"<!-- This site is optimized with the Yoast SEO plugin v27.4 - https:\/\/yoast.com\/product\/yoast-seo-wordpress\/ -->\n<title>Carolina Mej\u00edas: \u00abLa base de mi trabajo es el apoyo de mi familia, mis amigos y galeristas\u00bb - Cuadros por Encargo Gran Canaria - Carolina Mejias<\/title>\n<meta name=\"robots\" content=\"index, follow, max-snippet:-1, max-image-preview:large, max-video-preview:-1\" \/>\n<link rel=\"canonical\" href=\"https:\/\/carolinamejias.com\/en\/carolina-mejias-la-base-de-mi-trabajo-es-el-apoyo-de-mi-familia-mis-amigos-y-galeristas\/\" \/>\n<meta property=\"og:locale\" content=\"en_GB\" \/>\n<meta property=\"og:type\" content=\"article\" \/>\n<meta property=\"og:title\" content=\"Carolina Mej\u00edas: \u00abLa base de mi trabajo es el apoyo de mi familia, mis amigos y galeristas\u00bb - Cuadros por Encargo Gran Canaria - Carolina Mejias\" \/>\n<meta property=\"og:description\" content=\"Paz, naturaleza, luz, cari\u00f1o, amor y dedicaci\u00f3n. As\u00ed llena su obra pict\u00f3rica Carolina Mej\u00edas. Admira todo tipo de arte, Sorolla \u00abque es la luz\u00bb, o Frida Kahlo. Ella se decanta [&hellip;]\" \/>\n<meta property=\"og:url\" content=\"https:\/\/carolinamejias.com\/en\/carolina-mejias-la-base-de-mi-trabajo-es-el-apoyo-de-mi-familia-mis-amigos-y-galeristas\/\" \/>\n<meta property=\"og:site_name\" content=\"Cuadros por Encargo Gran Canaria - Carolina Mejias\" \/>\n<meta property=\"article:published_time\" content=\"2026-04-29T06:38:23+00:00\" \/>\n<meta property=\"article:modified_time\" content=\"2026-04-29T06:39:17+00:00\" \/>\n<meta property=\"og:image\" content=\"https:\/\/carolinamejias.com\/wp-content\/uploads\/2026\/04\/85765c65-7e2c-4097-b84e-c9d153d20752_16-9-aspect-ratio_default_0.webp\" \/>\n\t<meta property=\"og:image:width\" content=\"880\" \/>\n\t<meta property=\"og:image:height\" content=\"495\" \/>\n\t<meta property=\"og:image:type\" content=\"image\/webp\" \/>\n<meta name=\"author\" content=\"atsys\" \/>\n<meta name=\"twitter:card\" content=\"summary_large_image\" \/>\n<meta name=\"twitter:label1\" content=\"Written by\" \/>\n\t<meta name=\"twitter:data1\" content=\"atsys\" \/>\n\t<meta name=\"twitter:label2\" content=\"Estimated reading time\" \/>\n\t<meta name=\"twitter:data2\" content=\"1 minute\" \/>\n<script type=\"application\/ld+json\" class=\"yoast-schema-graph\">{\"@context\":\"https:\\\/\\\/schema.org\",\"@graph\":[{\"@type\":\"Article\",\"@id\":\"https:\\\/\\\/carolinamejias.com\\\/carolina-mejias-la-base-de-mi-trabajo-es-el-apoyo-de-mi-familia-mis-amigos-y-galeristas\\\/#article\",\"isPartOf\":{\"@id\":\"https:\\\/\\\/carolinamejias.com\\\/carolina-mejias-la-base-de-mi-trabajo-es-el-apoyo-de-mi-familia-mis-amigos-y-galeristas\\\/\"},\"author\":{\"name\":\"atsys\",\"@id\":\"https:\\\/\\\/carolinamejias.com\\\/#\\\/schema\\\/person\\\/7515e7ee795390fa8c0146b004bf4472\"},\"headline\":\"Carolina Mej\u00edas: \u00abLa base de mi trabajo es el apoyo de mi familia, mis amigos y galeristas\u00bb\",\"datePublished\":\"2026-04-29T06:38:23+00:00\",\"dateModified\":\"2026-04-29T06:39:17+00:00\",\"mainEntityOfPage\":{\"@id\":\"https:\\\/\\\/carolinamejias.com\\\/carolina-mejias-la-base-de-mi-trabajo-es-el-apoyo-de-mi-familia-mis-amigos-y-galeristas\\\/\"},\"wordCount\":105,\"commentCount\":0,\"image\":{\"@id\":\"https:\\\/\\\/carolinamejias.com\\\/carolina-mejias-la-base-de-mi-trabajo-es-el-apoyo-de-mi-familia-mis-amigos-y-galeristas\\\/#primaryimage\"},\"thumbnailUrl\":\"https:\\\/\\\/carolinamejias.com\\\/wp-content\\\/uploads\\\/2026\\\/04\\\/85765c65-7e2c-4097-b84e-c9d153d20752_16-9-aspect-ratio_default_0.webp\",\"articleSection\":[\"Blog\"],\"inLanguage\":\"en-GB\",\"potentialAction\":[{\"@type\":\"CommentAction\",\"name\":\"Comment\",\"target\":[\"https:\\\/\\\/carolinamejias.com\\\/carolina-mejias-la-base-de-mi-trabajo-es-el-apoyo-de-mi-familia-mis-amigos-y-galeristas\\\/#respond\"]}]},{\"@type\":\"WebPage\",\"@id\":\"https:\\\/\\\/carolinamejias.com\\\/carolina-mejias-la-base-de-mi-trabajo-es-el-apoyo-de-mi-familia-mis-amigos-y-galeristas\\\/\",\"url\":\"https:\\\/\\\/carolinamejias.com\\\/carolina-mejias-la-base-de-mi-trabajo-es-el-apoyo-de-mi-familia-mis-amigos-y-galeristas\\\/\",\"name\":\"Carolina Mej\u00edas: \u00abLa base de mi trabajo es el apoyo de mi familia, mis amigos y galeristas\u00bb - Cuadros por Encargo Gran Canaria - Carolina Mejias\",\"isPartOf\":{\"@id\":\"https:\\\/\\\/carolinamejias.com\\\/#website\"},\"primaryImageOfPage\":{\"@id\":\"https:\\\/\\\/carolinamejias.com\\\/carolina-mejias-la-base-de-mi-trabajo-es-el-apoyo-de-mi-familia-mis-amigos-y-galeristas\\\/#primaryimage\"},\"image\":{\"@id\":\"https:\\\/\\\/carolinamejias.com\\\/carolina-mejias-la-base-de-mi-trabajo-es-el-apoyo-de-mi-familia-mis-amigos-y-galeristas\\\/#primaryimage\"},\"thumbnailUrl\":\"https:\\\/\\\/carolinamejias.com\\\/wp-content\\\/uploads\\\/2026\\\/04\\\/85765c65-7e2c-4097-b84e-c9d153d20752_16-9-aspect-ratio_default_0.webp\",\"datePublished\":\"2026-04-29T06:38:23+00:00\",\"dateModified\":\"2026-04-29T06:39:17+00:00\",\"author\":{\"@id\":\"https:\\\/\\\/carolinamejias.com\\\/#\\\/schema\\\/person\\\/7515e7ee795390fa8c0146b004bf4472\"},\"breadcrumb\":{\"@id\":\"https:\\\/\\\/carolinamejias.com\\\/carolina-mejias-la-base-de-mi-trabajo-es-el-apoyo-de-mi-familia-mis-amigos-y-galeristas\\\/#breadcrumb\"},\"inLanguage\":\"en-GB\",\"potentialAction\":[{\"@type\":\"ReadAction\",\"target\":[\"https:\\\/\\\/carolinamejias.com\\\/carolina-mejias-la-base-de-mi-trabajo-es-el-apoyo-de-mi-familia-mis-amigos-y-galeristas\\\/\"]}]},{\"@type\":\"ImageObject\",\"inLanguage\":\"en-GB\",\"@id\":\"https:\\\/\\\/carolinamejias.com\\\/carolina-mejias-la-base-de-mi-trabajo-es-el-apoyo-de-mi-familia-mis-amigos-y-galeristas\\\/#primaryimage\",\"url\":\"https:\\\/\\\/carolinamejias.com\\\/wp-content\\\/uploads\\\/2026\\\/04\\\/85765c65-7e2c-4097-b84e-c9d153d20752_16-9-aspect-ratio_default_0.webp\",\"contentUrl\":\"https:\\\/\\\/carolinamejias.com\\\/wp-content\\\/uploads\\\/2026\\\/04\\\/85765c65-7e2c-4097-b84e-c9d153d20752_16-9-aspect-ratio_default_0.webp\",\"width\":880,\"height\":495},{\"@type\":\"BreadcrumbList\",\"@id\":\"https:\\\/\\\/carolinamejias.com\\\/carolina-mejias-la-base-de-mi-trabajo-es-el-apoyo-de-mi-familia-mis-amigos-y-galeristas\\\/#breadcrumb\",\"itemListElement\":[{\"@type\":\"ListItem\",\"position\":1,\"name\":\"Portada\",\"item\":\"https:\\\/\\\/carolinamejias.com\\\/\"},{\"@type\":\"ListItem\",\"position\":2,\"name\":\"Carolina Mej\u00edas: \u00abLa base de mi trabajo es el apoyo de mi familia, mis amigos y galeristas\u00bb\"}]},{\"@type\":\"WebSite\",\"@id\":\"https:\\\/\\\/carolinamejias.com\\\/#website\",\"url\":\"https:\\\/\\\/carolinamejias.com\\\/\",\"name\":\"Cuadros por Encargo Gran Canaria - Carolina Mejias\",\"description\":\"Pintora art\u00edstica en Las Palmas\",\"potentialAction\":[{\"@type\":\"SearchAction\",\"target\":{\"@type\":\"EntryPoint\",\"urlTemplate\":\"https:\\\/\\\/carolinamejias.com\\\/?s={search_term_string}\"},\"query-input\":{\"@type\":\"PropertyValueSpecification\",\"valueRequired\":true,\"valueName\":\"search_term_string\"}}],\"inLanguage\":\"en-GB\"},{\"@type\":\"Person\",\"@id\":\"https:\\\/\\\/carolinamejias.com\\\/#\\\/schema\\\/person\\\/7515e7ee795390fa8c0146b004bf4472\",\"name\":\"atsys\",\"image\":{\"@type\":\"ImageObject\",\"inLanguage\":\"en-GB\",\"@id\":\"https:\\\/\\\/secure.gravatar.com\\\/avatar\\\/47570eafb04ce9d910c93c937c92f0d2fc595507cc5f4508e583ef4e38abdd83?s=96&d=mm&r=g\",\"url\":\"https:\\\/\\\/secure.gravatar.com\\\/avatar\\\/47570eafb04ce9d910c93c937c92f0d2fc595507cc5f4508e583ef4e38abdd83?s=96&d=mm&r=g\",\"contentUrl\":\"https:\\\/\\\/secure.gravatar.com\\\/avatar\\\/47570eafb04ce9d910c93c937c92f0d2fc595507cc5f4508e583ef4e38abdd83?s=96&d=mm&r=g\",\"caption\":\"atsys\"}}]}<\/script>\n<!-- \/ Yoast SEO plugin. -->","yoast_head_json":{"title":"Carolina Mej\u00edas: \u00abLa base de mi trabajo es el apoyo de mi familia, mis amigos y galeristas\u00bb - Cuadros por Encargo Gran Canaria - Carolina Mejias","robots":{"index":"index","follow":"follow","max-snippet":"max-snippet:-1","max-image-preview":"max-image-preview:large","max-video-preview":"max-video-preview:-1"},"canonical":"https:\/\/carolinamejias.com\/en\/carolina-mejias-la-base-de-mi-trabajo-es-el-apoyo-de-mi-familia-mis-amigos-y-galeristas\/","og_locale":"en_GB","og_type":"article","og_title":"Carolina Mej\u00edas: \u00abLa base de mi trabajo es el apoyo de mi familia, mis amigos y galeristas\u00bb - Cuadros por Encargo Gran Canaria - Carolina Mejias","og_description":"Paz, naturaleza, luz, cari\u00f1o, amor y dedicaci\u00f3n. As\u00ed llena su obra pict\u00f3rica Carolina Mej\u00edas. Admira todo tipo de arte, Sorolla \u00abque es la luz\u00bb, o Frida Kahlo. Ella se decanta [&hellip;]","og_url":"https:\/\/carolinamejias.com\/en\/carolina-mejias-la-base-de-mi-trabajo-es-el-apoyo-de-mi-familia-mis-amigos-y-galeristas\/","og_site_name":"Cuadros por Encargo Gran Canaria - Carolina Mejias","article_published_time":"2026-04-29T06:38:23+00:00","article_modified_time":"2026-04-29T06:39:17+00:00","og_image":[{"width":880,"height":495,"url":"https:\/\/carolinamejias.com\/wp-content\/uploads\/2026\/04\/85765c65-7e2c-4097-b84e-c9d153d20752_16-9-aspect-ratio_default_0.webp","type":"image\/webp"}],"author":"atsys","twitter_card":"summary_large_image","twitter_misc":{"Written by":"atsys","Estimated reading time":"1 minute"},"schema":{"@context":"https:\/\/schema.org","@graph":[{"@type":"Article","@id":"https:\/\/carolinamejias.com\/carolina-mejias-la-base-de-mi-trabajo-es-el-apoyo-de-mi-familia-mis-amigos-y-galeristas\/#article","isPartOf":{"@id":"https:\/\/carolinamejias.com\/carolina-mejias-la-base-de-mi-trabajo-es-el-apoyo-de-mi-familia-mis-amigos-y-galeristas\/"},"author":{"name":"atsys","@id":"https:\/\/carolinamejias.com\/#\/schema\/person\/7515e7ee795390fa8c0146b004bf4472"},"headline":"Carolina Mej\u00edas: \u00abLa base de mi trabajo es el apoyo de mi familia, mis amigos y galeristas\u00bb","datePublished":"2026-04-29T06:38:23+00:00","dateModified":"2026-04-29T06:39:17+00:00","mainEntityOfPage":{"@id":"https:\/\/carolinamejias.com\/carolina-mejias-la-base-de-mi-trabajo-es-el-apoyo-de-mi-familia-mis-amigos-y-galeristas\/"},"wordCount":105,"commentCount":0,"image":{"@id":"https:\/\/carolinamejias.com\/carolina-mejias-la-base-de-mi-trabajo-es-el-apoyo-de-mi-familia-mis-amigos-y-galeristas\/#primaryimage"},"thumbnailUrl":"https:\/\/carolinamejias.com\/wp-content\/uploads\/2026\/04\/85765c65-7e2c-4097-b84e-c9d153d20752_16-9-aspect-ratio_default_0.webp","articleSection":["Blog"],"inLanguage":"en-GB","potentialAction":[{"@type":"CommentAction","name":"Comment","target":["https:\/\/carolinamejias.com\/carolina-mejias-la-base-de-mi-trabajo-es-el-apoyo-de-mi-familia-mis-amigos-y-galeristas\/#respond"]}]},{"@type":"WebPage","@id":"https:\/\/carolinamejias.com\/carolina-mejias-la-base-de-mi-trabajo-es-el-apoyo-de-mi-familia-mis-amigos-y-galeristas\/","url":"https:\/\/carolinamejias.com\/carolina-mejias-la-base-de-mi-trabajo-es-el-apoyo-de-mi-familia-mis-amigos-y-galeristas\/","name":"Carolina Mej\u00edas: \u00abLa base de mi trabajo es el apoyo de mi familia, mis amigos y galeristas\u00bb - Cuadros por Encargo Gran Canaria - Carolina Mejias","isPartOf":{"@id":"https:\/\/carolinamejias.com\/#website"},"primaryImageOfPage":{"@id":"https:\/\/carolinamejias.com\/carolina-mejias-la-base-de-mi-trabajo-es-el-apoyo-de-mi-familia-mis-amigos-y-galeristas\/#primaryimage"},"image":{"@id":"https:\/\/carolinamejias.com\/carolina-mejias-la-base-de-mi-trabajo-es-el-apoyo-de-mi-familia-mis-amigos-y-galeristas\/#primaryimage"},"thumbnailUrl":"https:\/\/carolinamejias.com\/wp-content\/uploads\/2026\/04\/85765c65-7e2c-4097-b84e-c9d153d20752_16-9-aspect-ratio_default_0.webp","datePublished":"2026-04-29T06:38:23+00:00","dateModified":"2026-04-29T06:39:17+00:00","author":{"@id":"https:\/\/carolinamejias.com\/#\/schema\/person\/7515e7ee795390fa8c0146b004bf4472"},"breadcrumb":{"@id":"https:\/\/carolinamejias.com\/carolina-mejias-la-base-de-mi-trabajo-es-el-apoyo-de-mi-familia-mis-amigos-y-galeristas\/#breadcrumb"},"inLanguage":"en-GB","potentialAction":[{"@type":"ReadAction","target":["https:\/\/carolinamejias.com\/carolina-mejias-la-base-de-mi-trabajo-es-el-apoyo-de-mi-familia-mis-amigos-y-galeristas\/"]}]},{"@type":"ImageObject","inLanguage":"en-GB","@id":"https:\/\/carolinamejias.com\/carolina-mejias-la-base-de-mi-trabajo-es-el-apoyo-de-mi-familia-mis-amigos-y-galeristas\/#primaryimage","url":"https:\/\/carolinamejias.com\/wp-content\/uploads\/2026\/04\/85765c65-7e2c-4097-b84e-c9d153d20752_16-9-aspect-ratio_default_0.webp","contentUrl":"https:\/\/carolinamejias.com\/wp-content\/uploads\/2026\/04\/85765c65-7e2c-4097-b84e-c9d153d20752_16-9-aspect-ratio_default_0.webp","width":880,"height":495},{"@type":"BreadcrumbList","@id":"https:\/\/carolinamejias.com\/carolina-mejias-la-base-de-mi-trabajo-es-el-apoyo-de-mi-familia-mis-amigos-y-galeristas\/#breadcrumb","itemListElement":[{"@type":"ListItem","position":1,"name":"Portada","item":"https:\/\/carolinamejias.com\/"},{"@type":"ListItem","position":2,"name":"Carolina Mej\u00edas: \u00abLa base de mi trabajo es el apoyo de mi familia, mis amigos y galeristas\u00bb"}]},{"@type":"WebSite","@id":"https:\/\/carolinamejias.com\/#website","url":"https:\/\/carolinamejias.com\/","name":"Cuadros por Encargo Gran Canaria - Carolina Mejias","description":"Pintora art\u00edstica en Las Palmas","potentialAction":[{"@type":"SearchAction","target":{"@type":"EntryPoint","urlTemplate":"https:\/\/carolinamejias.com\/?s={search_term_string}"},"query-input":{"@type":"PropertyValueSpecification","valueRequired":true,"valueName":"search_term_string"}}],"inLanguage":"en-GB"},{"@type":"Person","@id":"https:\/\/carolinamejias.com\/#\/schema\/person\/7515e7ee795390fa8c0146b004bf4472","name":"atsys","image":{"@type":"ImageObject","inLanguage":"en-GB","@id":"https:\/\/secure.gravatar.com\/avatar\/47570eafb04ce9d910c93c937c92f0d2fc595507cc5f4508e583ef4e38abdd83?s=96&d=mm&r=g","url":"https:\/\/secure.gravatar.com\/avatar\/47570eafb04ce9d910c93c937c92f0d2fc595507cc5f4508e583ef4e38abdd83?s=96&d=mm&r=g","contentUrl":"https:\/\/secure.gravatar.com\/avatar\/47570eafb04ce9d910c93c937c92f0d2fc595507cc5f4508e583ef4e38abdd83?s=96&d=mm&r=g","caption":"atsys"}}]}},"_links":{"self":[{"href":"https:\/\/carolinamejias.com\/en\/wp-json\/wp\/v2\/posts\/866","targetHints":{"allow":["GET"]}}],"collection":[{"href":"https:\/\/carolinamejias.com\/en\/wp-json\/wp\/v2\/posts"}],"about":[{"href":"https:\/\/carolinamejias.com\/en\/wp-json\/wp\/v2\/types\/post"}],"author":[{"embeddable":true,"href":"https:\/\/carolinamejias.com\/en\/wp-json\/wp\/v2\/users\/3"}],"replies":[{"embeddable":true,"href":"https:\/\/carolinamejias.com\/en\/wp-json\/wp\/v2\/comments?post=866"}],"version-history":[{"count":3,"href":"https:\/\/carolinamejias.com\/en\/wp-json\/wp\/v2\/posts\/866\/revisions"}],"predecessor-version":[{"id":870,"href":"https:\/\/carolinamejias.com\/en\/wp-json\/wp\/v2\/posts\/866\/revisions\/870"}],"wp:featuredmedia":[{"embeddable":true,"href":"https:\/\/carolinamejias.com\/en\/wp-json\/wp\/v2\/media\/867"}],"wp:attachment":[{"href":"https:\/\/carolinamejias.com\/en\/wp-json\/wp\/v2\/media?parent=866"}],"wp:term":[{"taxonomy":"category","embeddable":true,"href":"https:\/\/carolinamejias.com\/en\/wp-json\/wp\/v2\/categories?post=866"},{"taxonomy":"post_tag","embeddable":true,"href":"https:\/\/carolinamejias.com\/en\/wp-json\/wp\/v2\/tags?post=866"}],"curies":[{"name":"wp","href":"https:\/\/api.w.org\/{rel}","templated":true}]}}