{"id":874,"date":"2026-04-29T06:43:40","date_gmt":"2026-04-29T06:43:40","guid":{"rendered":"https:\/\/carolinamejias.com\/?p=874"},"modified":"2026-04-29T06:44:26","modified_gmt":"2026-04-29T06:44:26","slug":"vecindario-da-pinceladas-al-alma-de-gran-canaria","status":"publish","type":"post","link":"https:\/\/carolinamejias.com\/en\/vecindario-da-pinceladas-al-alma-de-gran-canaria\/","title":{"rendered":"Vecindario da &#8216;Pinceladas al alma de Gran Canaria&#8217;"},"content":{"rendered":"<p><img fetchpriority=\"high\" decoding=\"async\" class=\"alignnone wp-image-875 size-large\" src=\"https:\/\/carolinamejias.com\/wp-content\/uploads\/2026\/04\/bfc9fc23-56ec-4f65-a300-370aa2bfe657_16-9-discover-aspect-ratio_default_0-1024x576.webp\" alt=\"puntora cuadros por encargo en gran canaria\" width=\"1024\" height=\"576\" srcset=\"https:\/\/carolinamejias.com\/wp-content\/uploads\/2026\/04\/bfc9fc23-56ec-4f65-a300-370aa2bfe657_16-9-discover-aspect-ratio_default_0-1024x576.webp 1024w, https:\/\/carolinamejias.com\/wp-content\/uploads\/2026\/04\/bfc9fc23-56ec-4f65-a300-370aa2bfe657_16-9-discover-aspect-ratio_default_0-300x169.webp 300w, https:\/\/carolinamejias.com\/wp-content\/uploads\/2026\/04\/bfc9fc23-56ec-4f65-a300-370aa2bfe657_16-9-discover-aspect-ratio_default_0-768x432.webp 768w, https:\/\/carolinamejias.com\/wp-content\/uploads\/2026\/04\/bfc9fc23-56ec-4f65-a300-370aa2bfe657_16-9-discover-aspect-ratio_default_0-18x10.webp 18w, https:\/\/carolinamejias.com\/wp-content\/uploads\/2026\/04\/bfc9fc23-56ec-4f65-a300-370aa2bfe657_16-9-discover-aspect-ratio_default_0.webp 1200w\" sizes=\"(max-width: 1024px) 100vw, 1024px\" \/><\/p>\n<p>La pintora Carolina Mej\u00edas, natural de Vecindario (Santa Luc\u00eda de Tirajana), presenta \u201cPinceladas al alma de Gran Canaria\u201d, un proyecto que, seg\u00fan afirma, nace de un proceso profundamente personal ligado a la luz, al paisaje y al sentido vital que encuentra en la pintura. Es su exposici\u00f3n n\u00famero 29 y re\u00fane once obras pict\u00f3ricas de gran formato realizadas en \u00f3leo sobre lienzo. Entre ellas, dos de Pozo Izquierdo, \u00abun sitio \u00fanico donde recargar bater\u00edas y unos paisajes marinos espectaculares\u00bb, detalla. Ya se encuentra en la Sala de Exposiciones \u00c1mbito Cultural de El Corte Ingl\u00e9s de Mesa y L\u00f3pez de la capital desde el pasado lunes y permanecer\u00e1 hasta el 11 de enero.<\/p>\n<p><a href=\"https:\/\/www.laprovincia.es\/gran-canaria\/2025\/11\/25\/vecindario-da-pinceladas-alma-gran-124121989.html?utm_source=whatsapp&amp;utm_medium=social&amp;utm_campaign=btn-share\" target=\"_blank\" rel=\"noopener\">Leer noticia completa<\/a><\/p>","protected":false},"excerpt":{"rendered":"<p>La pintora Carolina Mej\u00edas, natural de Vecindario (Santa Luc\u00eda de Tirajana), presenta \u201cPinceladas al alma de Gran Canaria\u201d, un proyecto que, seg\u00fan afirma, nace de un proceso profundamente personal ligado [&hellip;]<\/p>\n","protected":false},"author":3,"featured_media":875,"comment_status":"open","ping_status":"closed","sticky":false,"template":"","format":"standard","meta":{"footnotes":""},"categories":[10],"tags":[],"class_list":["post-874","post","type-post","status-publish","format-standard","has-post-thumbnail","hentry","category-blog"],"yoast_head":"<!-- This site is optimized with the Yoast SEO plugin v27.4 - https:\/\/yoast.com\/product\/yoast-seo-wordpress\/ -->\n<title>Vecindario da &#039;Pinceladas al alma de Gran Canaria&#039; - Cuadros por Encargo Gran Canaria - Carolina Mejias<\/title>\n<meta name=\"robots\" content=\"index, follow, max-snippet:-1, max-image-preview:large, max-video-preview:-1\" \/>\n<link rel=\"canonical\" href=\"https:\/\/carolinamejias.com\/en\/vecindario-da-pinceladas-al-alma-de-gran-canaria\/\" \/>\n<meta property=\"og:locale\" content=\"en_GB\" \/>\n<meta property=\"og:type\" content=\"article\" \/>\n<meta property=\"og:title\" content=\"Vecindario da &#039;Pinceladas al alma de Gran Canaria&#039; - Cuadros por Encargo Gran Canaria - Carolina Mejias\" \/>\n<meta property=\"og:description\" content=\"La pintora Carolina Mej\u00edas, natural de Vecindario (Santa Luc\u00eda de Tirajana), presenta \u201cPinceladas al alma de Gran Canaria\u201d, un proyecto que, seg\u00fan afirma, nace de un proceso profundamente personal ligado [&hellip;]\" \/>\n<meta property=\"og:url\" content=\"https:\/\/carolinamejias.com\/en\/vecindario-da-pinceladas-al-alma-de-gran-canaria\/\" \/>\n<meta property=\"og:site_name\" content=\"Cuadros por Encargo Gran Canaria - Carolina Mejias\" \/>\n<meta property=\"article:published_time\" content=\"2026-04-29T06:43:40+00:00\" \/>\n<meta property=\"article:modified_time\" content=\"2026-04-29T06:44:26+00:00\" \/>\n<meta property=\"og:image\" content=\"https:\/\/carolinamejias.com\/wp-content\/uploads\/2026\/04\/bfc9fc23-56ec-4f65-a300-370aa2bfe657_16-9-discover-aspect-ratio_default_0.webp\" \/>\n\t<meta property=\"og:image:width\" content=\"1200\" \/>\n\t<meta property=\"og:image:height\" content=\"675\" \/>\n\t<meta property=\"og:image:type\" content=\"image\/webp\" \/>\n<meta name=\"author\" content=\"atsys\" \/>\n<meta name=\"twitter:card\" content=\"summary_large_image\" \/>\n<meta name=\"twitter:label1\" content=\"Written by\" \/>\n\t<meta name=\"twitter:data1\" content=\"atsys\" \/>\n\t<meta name=\"twitter:label2\" content=\"Estimated reading time\" \/>\n\t<meta name=\"twitter:data2\" content=\"1 minute\" \/>\n<script type=\"application\/ld+json\" class=\"yoast-schema-graph\">{\"@context\":\"https:\\\/\\\/schema.org\",\"@graph\":[{\"@type\":\"Article\",\"@id\":\"https:\\\/\\\/carolinamejias.com\\\/vecindario-da-pinceladas-al-alma-de-gran-canaria\\\/#article\",\"isPartOf\":{\"@id\":\"https:\\\/\\\/carolinamejias.com\\\/vecindario-da-pinceladas-al-alma-de-gran-canaria\\\/\"},\"author\":{\"name\":\"atsys\",\"@id\":\"https:\\\/\\\/carolinamejias.com\\\/#\\\/schema\\\/person\\\/7515e7ee795390fa8c0146b004bf4472\"},\"headline\":\"Vecindario da &#8216;Pinceladas al alma de Gran Canaria&#8217;\",\"datePublished\":\"2026-04-29T06:43:40+00:00\",\"dateModified\":\"2026-04-29T06:44:26+00:00\",\"mainEntityOfPage\":{\"@id\":\"https:\\\/\\\/carolinamejias.com\\\/vecindario-da-pinceladas-al-alma-de-gran-canaria\\\/\"},\"wordCount\":131,\"commentCount\":0,\"image\":{\"@id\":\"https:\\\/\\\/carolinamejias.com\\\/vecindario-da-pinceladas-al-alma-de-gran-canaria\\\/#primaryimage\"},\"thumbnailUrl\":\"https:\\\/\\\/carolinamejias.com\\\/wp-content\\\/uploads\\\/2026\\\/04\\\/bfc9fc23-56ec-4f65-a300-370aa2bfe657_16-9-discover-aspect-ratio_default_0.webp\",\"articleSection\":[\"Blog\"],\"inLanguage\":\"en-GB\",\"potentialAction\":[{\"@type\":\"CommentAction\",\"name\":\"Comment\",\"target\":[\"https:\\\/\\\/carolinamejias.com\\\/vecindario-da-pinceladas-al-alma-de-gran-canaria\\\/#respond\"]}]},{\"@type\":\"WebPage\",\"@id\":\"https:\\\/\\\/carolinamejias.com\\\/vecindario-da-pinceladas-al-alma-de-gran-canaria\\\/\",\"url\":\"https:\\\/\\\/carolinamejias.com\\\/vecindario-da-pinceladas-al-alma-de-gran-canaria\\\/\",\"name\":\"Vecindario da 'Pinceladas al alma de Gran Canaria' - Cuadros por Encargo Gran Canaria - Carolina Mejias\",\"isPartOf\":{\"@id\":\"https:\\\/\\\/carolinamejias.com\\\/#website\"},\"primaryImageOfPage\":{\"@id\":\"https:\\\/\\\/carolinamejias.com\\\/vecindario-da-pinceladas-al-alma-de-gran-canaria\\\/#primaryimage\"},\"image\":{\"@id\":\"https:\\\/\\\/carolinamejias.com\\\/vecindario-da-pinceladas-al-alma-de-gran-canaria\\\/#primaryimage\"},\"thumbnailUrl\":\"https:\\\/\\\/carolinamejias.com\\\/wp-content\\\/uploads\\\/2026\\\/04\\\/bfc9fc23-56ec-4f65-a300-370aa2bfe657_16-9-discover-aspect-ratio_default_0.webp\",\"datePublished\":\"2026-04-29T06:43:40+00:00\",\"dateModified\":\"2026-04-29T06:44:26+00:00\",\"author\":{\"@id\":\"https:\\\/\\\/carolinamejias.com\\\/#\\\/schema\\\/person\\\/7515e7ee795390fa8c0146b004bf4472\"},\"breadcrumb\":{\"@id\":\"https:\\\/\\\/carolinamejias.com\\\/vecindario-da-pinceladas-al-alma-de-gran-canaria\\\/#breadcrumb\"},\"inLanguage\":\"en-GB\",\"potentialAction\":[{\"@type\":\"ReadAction\",\"target\":[\"https:\\\/\\\/carolinamejias.com\\\/vecindario-da-pinceladas-al-alma-de-gran-canaria\\\/\"]}]},{\"@type\":\"ImageObject\",\"inLanguage\":\"en-GB\",\"@id\":\"https:\\\/\\\/carolinamejias.com\\\/vecindario-da-pinceladas-al-alma-de-gran-canaria\\\/#primaryimage\",\"url\":\"https:\\\/\\\/carolinamejias.com\\\/wp-content\\\/uploads\\\/2026\\\/04\\\/bfc9fc23-56ec-4f65-a300-370aa2bfe657_16-9-discover-aspect-ratio_default_0.webp\",\"contentUrl\":\"https:\\\/\\\/carolinamejias.com\\\/wp-content\\\/uploads\\\/2026\\\/04\\\/bfc9fc23-56ec-4f65-a300-370aa2bfe657_16-9-discover-aspect-ratio_default_0.webp\",\"width\":1200,\"height\":675,\"caption\":\"puntora cuadros por encargo en gran canaria\"},{\"@type\":\"BreadcrumbList\",\"@id\":\"https:\\\/\\\/carolinamejias.com\\\/vecindario-da-pinceladas-al-alma-de-gran-canaria\\\/#breadcrumb\",\"itemListElement\":[{\"@type\":\"ListItem\",\"position\":1,\"name\":\"Portada\",\"item\":\"https:\\\/\\\/carolinamejias.com\\\/\"},{\"@type\":\"ListItem\",\"position\":2,\"name\":\"Vecindario da &#8216;Pinceladas al alma de Gran Canaria&#8217;\"}]},{\"@type\":\"WebSite\",\"@id\":\"https:\\\/\\\/carolinamejias.com\\\/#website\",\"url\":\"https:\\\/\\\/carolinamejias.com\\\/\",\"name\":\"Cuadros por Encargo Gran Canaria - Carolina Mejias\",\"description\":\"Pintora art\u00edstica en Las Palmas\",\"potentialAction\":[{\"@type\":\"SearchAction\",\"target\":{\"@type\":\"EntryPoint\",\"urlTemplate\":\"https:\\\/\\\/carolinamejias.com\\\/?s={search_term_string}\"},\"query-input\":{\"@type\":\"PropertyValueSpecification\",\"valueRequired\":true,\"valueName\":\"search_term_string\"}}],\"inLanguage\":\"en-GB\"},{\"@type\":\"Person\",\"@id\":\"https:\\\/\\\/carolinamejias.com\\\/#\\\/schema\\\/person\\\/7515e7ee795390fa8c0146b004bf4472\",\"name\":\"atsys\",\"image\":{\"@type\":\"ImageObject\",\"inLanguage\":\"en-GB\",\"@id\":\"https:\\\/\\\/secure.gravatar.com\\\/avatar\\\/47570eafb04ce9d910c93c937c92f0d2fc595507cc5f4508e583ef4e38abdd83?s=96&d=mm&r=g\",\"url\":\"https:\\\/\\\/secure.gravatar.com\\\/avatar\\\/47570eafb04ce9d910c93c937c92f0d2fc595507cc5f4508e583ef4e38abdd83?s=96&d=mm&r=g\",\"contentUrl\":\"https:\\\/\\\/secure.gravatar.com\\\/avatar\\\/47570eafb04ce9d910c93c937c92f0d2fc595507cc5f4508e583ef4e38abdd83?s=96&d=mm&r=g\",\"caption\":\"atsys\"}}]}<\/script>\n<!-- \/ Yoast SEO plugin. -->","yoast_head_json":{"title":"Vecindario da 'Pinceladas al alma de Gran Canaria' - Cuadros por Encargo Gran Canaria - Carolina Mejias","robots":{"index":"index","follow":"follow","max-snippet":"max-snippet:-1","max-image-preview":"max-image-preview:large","max-video-preview":"max-video-preview:-1"},"canonical":"https:\/\/carolinamejias.com\/en\/vecindario-da-pinceladas-al-alma-de-gran-canaria\/","og_locale":"en_GB","og_type":"article","og_title":"Vecindario da 'Pinceladas al alma de Gran Canaria' - Cuadros por Encargo Gran Canaria - Carolina Mejias","og_description":"La pintora Carolina Mej\u00edas, natural de Vecindario (Santa Luc\u00eda de Tirajana), presenta \u201cPinceladas al alma de Gran Canaria\u201d, un proyecto que, seg\u00fan afirma, nace de un proceso profundamente personal ligado [&hellip;]","og_url":"https:\/\/carolinamejias.com\/en\/vecindario-da-pinceladas-al-alma-de-gran-canaria\/","og_site_name":"Cuadros por Encargo Gran Canaria - Carolina Mejias","article_published_time":"2026-04-29T06:43:40+00:00","article_modified_time":"2026-04-29T06:44:26+00:00","og_image":[{"width":1200,"height":675,"url":"https:\/\/carolinamejias.com\/wp-content\/uploads\/2026\/04\/bfc9fc23-56ec-4f65-a300-370aa2bfe657_16-9-discover-aspect-ratio_default_0.webp","type":"image\/webp"}],"author":"atsys","twitter_card":"summary_large_image","twitter_misc":{"Written by":"atsys","Estimated reading time":"1 minute"},"schema":{"@context":"https:\/\/schema.org","@graph":[{"@type":"Article","@id":"https:\/\/carolinamejias.com\/vecindario-da-pinceladas-al-alma-de-gran-canaria\/#article","isPartOf":{"@id":"https:\/\/carolinamejias.com\/vecindario-da-pinceladas-al-alma-de-gran-canaria\/"},"author":{"name":"atsys","@id":"https:\/\/carolinamejias.com\/#\/schema\/person\/7515e7ee795390fa8c0146b004bf4472"},"headline":"Vecindario da &#8216;Pinceladas al alma de Gran Canaria&#8217;","datePublished":"2026-04-29T06:43:40+00:00","dateModified":"2026-04-29T06:44:26+00:00","mainEntityOfPage":{"@id":"https:\/\/carolinamejias.com\/vecindario-da-pinceladas-al-alma-de-gran-canaria\/"},"wordCount":131,"commentCount":0,"image":{"@id":"https:\/\/carolinamejias.com\/vecindario-da-pinceladas-al-alma-de-gran-canaria\/#primaryimage"},"thumbnailUrl":"https:\/\/carolinamejias.com\/wp-content\/uploads\/2026\/04\/bfc9fc23-56ec-4f65-a300-370aa2bfe657_16-9-discover-aspect-ratio_default_0.webp","articleSection":["Blog"],"inLanguage":"en-GB","potentialAction":[{"@type":"CommentAction","name":"Comment","target":["https:\/\/carolinamejias.com\/vecindario-da-pinceladas-al-alma-de-gran-canaria\/#respond"]}]},{"@type":"WebPage","@id":"https:\/\/carolinamejias.com\/vecindario-da-pinceladas-al-alma-de-gran-canaria\/","url":"https:\/\/carolinamejias.com\/vecindario-da-pinceladas-al-alma-de-gran-canaria\/","name":"Vecindario da 'Pinceladas al alma de Gran Canaria' - Cuadros por Encargo Gran Canaria - Carolina Mejias","isPartOf":{"@id":"https:\/\/carolinamejias.com\/#website"},"primaryImageOfPage":{"@id":"https:\/\/carolinamejias.com\/vecindario-da-pinceladas-al-alma-de-gran-canaria\/#primaryimage"},"image":{"@id":"https:\/\/carolinamejias.com\/vecindario-da-pinceladas-al-alma-de-gran-canaria\/#primaryimage"},"thumbnailUrl":"https:\/\/carolinamejias.com\/wp-content\/uploads\/2026\/04\/bfc9fc23-56ec-4f65-a300-370aa2bfe657_16-9-discover-aspect-ratio_default_0.webp","datePublished":"2026-04-29T06:43:40+00:00","dateModified":"2026-04-29T06:44:26+00:00","author":{"@id":"https:\/\/carolinamejias.com\/#\/schema\/person\/7515e7ee795390fa8c0146b004bf4472"},"breadcrumb":{"@id":"https:\/\/carolinamejias.com\/vecindario-da-pinceladas-al-alma-de-gran-canaria\/#breadcrumb"},"inLanguage":"en-GB","potentialAction":[{"@type":"ReadAction","target":["https:\/\/carolinamejias.com\/vecindario-da-pinceladas-al-alma-de-gran-canaria\/"]}]},{"@type":"ImageObject","inLanguage":"en-GB","@id":"https:\/\/carolinamejias.com\/vecindario-da-pinceladas-al-alma-de-gran-canaria\/#primaryimage","url":"https:\/\/carolinamejias.com\/wp-content\/uploads\/2026\/04\/bfc9fc23-56ec-4f65-a300-370aa2bfe657_16-9-discover-aspect-ratio_default_0.webp","contentUrl":"https:\/\/carolinamejias.com\/wp-content\/uploads\/2026\/04\/bfc9fc23-56ec-4f65-a300-370aa2bfe657_16-9-discover-aspect-ratio_default_0.webp","width":1200,"height":675,"caption":"puntora cuadros por encargo en gran canaria"},{"@type":"BreadcrumbList","@id":"https:\/\/carolinamejias.com\/vecindario-da-pinceladas-al-alma-de-gran-canaria\/#breadcrumb","itemListElement":[{"@type":"ListItem","position":1,"name":"Portada","item":"https:\/\/carolinamejias.com\/"},{"@type":"ListItem","position":2,"name":"Vecindario da &#8216;Pinceladas al alma de Gran Canaria&#8217;"}]},{"@type":"WebSite","@id":"https:\/\/carolinamejias.com\/#website","url":"https:\/\/carolinamejias.com\/","name":"Cuadros por Encargo Gran Canaria - Carolina Mejias","description":"Pintora art\u00edstica en Las Palmas","potentialAction":[{"@type":"SearchAction","target":{"@type":"EntryPoint","urlTemplate":"https:\/\/carolinamejias.com\/?s={search_term_string}"},"query-input":{"@type":"PropertyValueSpecification","valueRequired":true,"valueName":"search_term_string"}}],"inLanguage":"en-GB"},{"@type":"Person","@id":"https:\/\/carolinamejias.com\/#\/schema\/person\/7515e7ee795390fa8c0146b004bf4472","name":"atsys","image":{"@type":"ImageObject","inLanguage":"en-GB","@id":"https:\/\/secure.gravatar.com\/avatar\/47570eafb04ce9d910c93c937c92f0d2fc595507cc5f4508e583ef4e38abdd83?s=96&d=mm&r=g","url":"https:\/\/secure.gravatar.com\/avatar\/47570eafb04ce9d910c93c937c92f0d2fc595507cc5f4508e583ef4e38abdd83?s=96&d=mm&r=g","contentUrl":"https:\/\/secure.gravatar.com\/avatar\/47570eafb04ce9d910c93c937c92f0d2fc595507cc5f4508e583ef4e38abdd83?s=96&d=mm&r=g","caption":"atsys"}}]}},"_links":{"self":[{"href":"https:\/\/carolinamejias.com\/en\/wp-json\/wp\/v2\/posts\/874","targetHints":{"allow":["GET"]}}],"collection":[{"href":"https:\/\/carolinamejias.com\/en\/wp-json\/wp\/v2\/posts"}],"about":[{"href":"https:\/\/carolinamejias.com\/en\/wp-json\/wp\/v2\/types\/post"}],"author":[{"embeddable":true,"href":"https:\/\/carolinamejias.com\/en\/wp-json\/wp\/v2\/users\/3"}],"replies":[{"embeddable":true,"href":"https:\/\/carolinamejias.com\/en\/wp-json\/wp\/v2\/comments?post=874"}],"version-history":[{"count":3,"href":"https:\/\/carolinamejias.com\/en\/wp-json\/wp\/v2\/posts\/874\/revisions"}],"predecessor-version":[{"id":878,"href":"https:\/\/carolinamejias.com\/en\/wp-json\/wp\/v2\/posts\/874\/revisions\/878"}],"wp:featuredmedia":[{"embeddable":true,"href":"https:\/\/carolinamejias.com\/en\/wp-json\/wp\/v2\/media\/875"}],"wp:attachment":[{"href":"https:\/\/carolinamejias.com\/en\/wp-json\/wp\/v2\/media?parent=874"}],"wp:term":[{"taxonomy":"category","embeddable":true,"href":"https:\/\/carolinamejias.com\/en\/wp-json\/wp\/v2\/categories?post=874"},{"taxonomy":"post_tag","embeddable":true,"href":"https:\/\/carolinamejias.com\/en\/wp-json\/wp\/v2\/tags?post=874"}],"curies":[{"name":"wp","href":"https:\/\/api.w.org\/{rel}","templated":true}]}}