{"id":883,"date":"2026-04-29T07:20:20","date_gmt":"2026-04-29T07:20:20","guid":{"rendered":"https:\/\/carolinamejias.com\/?p=883"},"modified":"2026-04-29T07:20:20","modified_gmt":"2026-04-29T07:20:20","slug":"entrevista-en-la-television-canaria-y-actualidad-del-dia","status":"publish","type":"post","link":"https:\/\/carolinamejias.com\/en\/entrevista-en-la-television-canaria-y-actualidad-del-dia\/","title":{"rendered":"Entrevista en la Televisi\u00f3n Canaria y actualidad del d\u00eda"},"content":{"rendered":"<p><video controls width=\"100%\" preload=\"metadata\"><source src=\"https:\/\/carolinamejias.com\/wp-content\/uploads\/2026\/04\/VID-20260428-WA0000.mp4\" type=\"video\/mp4\">Tu navegador no soporta la reproducci\u00f3n de video.<\/video><\/p>","protected":false},"excerpt":{"rendered":"<p>Tu navegador no soporta la reproducci\u00f3n de video.<\/p>","protected":false},"author":3,"featured_media":879,"comment_status":"open","ping_status":"closed","sticky":false,"template":"","format":"standard","meta":{"footnotes":""},"categories":[10],"tags":[],"class_list":["post-883","post","type-post","status-publish","format-standard","has-post-thumbnail","hentry","category-blog"],"yoast_head":"<!-- This site is optimized with the Yoast SEO plugin v27.4 - https:\/\/yoast.com\/product\/yoast-seo-wordpress\/ -->\n<title>Entrevista en la Televisi\u00f3n Canaria y actualidad del d\u00eda - Cuadros por Encargo Gran Canaria - Carolina Mejias<\/title>\n<meta name=\"robots\" content=\"index, follow, max-snippet:-1, max-image-preview:large, max-video-preview:-1\" \/>\n<link rel=\"canonical\" href=\"https:\/\/carolinamejias.com\/en\/entrevista-en-la-television-canaria-y-actualidad-del-dia\/\" \/>\n<meta property=\"og:locale\" content=\"en_GB\" \/>\n<meta property=\"og:type\" content=\"article\" \/>\n<meta property=\"og:title\" content=\"Entrevista en la Televisi\u00f3n Canaria y actualidad del d\u00eda - Cuadros por Encargo Gran Canaria - Carolina Mejias\" \/>\n<meta property=\"og:description\" content=\"Tu navegador no soporta la reproducci\u00f3n de video.\" \/>\n<meta property=\"og:url\" content=\"https:\/\/carolinamejias.com\/en\/entrevista-en-la-television-canaria-y-actualidad-del-dia\/\" \/>\n<meta property=\"og:site_name\" content=\"Cuadros por Encargo Gran Canaria - Carolina Mejias\" \/>\n<meta property=\"article:published_time\" content=\"2026-04-29T07:20:20+00:00\" \/>\n<meta property=\"og:image\" content=\"https:\/\/carolinamejias.com\/wp-content\/uploads\/2026\/04\/Captura-de-Pantalla-2026-04-29-a-las-7.45.56.jpg\" \/>\n\t<meta property=\"og:image:width\" content=\"697\" \/>\n\t<meta property=\"og:image:height\" content=\"376\" \/>\n\t<meta property=\"og:image:type\" content=\"image\/jpeg\" \/>\n<meta name=\"author\" content=\"atsys\" \/>\n<meta name=\"twitter:card\" content=\"summary_large_image\" \/>\n<meta name=\"twitter:label1\" content=\"Written by\" \/>\n\t<meta name=\"twitter:data1\" content=\"atsys\" \/>\n\t<meta name=\"twitter:label2\" content=\"Estimated reading time\" \/>\n\t<meta name=\"twitter:data2\" content=\"1 minute\" \/>\n<script type=\"application\/ld+json\" class=\"yoast-schema-graph\">{\"@context\":\"https:\\\/\\\/schema.org\",\"@graph\":[{\"@type\":\"Article\",\"@id\":\"https:\\\/\\\/carolinamejias.com\\\/entrevista-en-la-television-canaria-y-actualidad-del-dia\\\/#article\",\"isPartOf\":{\"@id\":\"https:\\\/\\\/carolinamejias.com\\\/entrevista-en-la-television-canaria-y-actualidad-del-dia\\\/\"},\"author\":{\"name\":\"atsys\",\"@id\":\"https:\\\/\\\/carolinamejias.com\\\/#\\\/schema\\\/person\\\/7515e7ee795390fa8c0146b004bf4472\"},\"headline\":\"Entrevista en la Televisi\u00f3n Canaria y actualidad del d\u00eda\",\"datePublished\":\"2026-04-29T07:20:20+00:00\",\"mainEntityOfPage\":{\"@id\":\"https:\\\/\\\/carolinamejias.com\\\/entrevista-en-la-television-canaria-y-actualidad-del-dia\\\/\"},\"wordCount\":20,\"commentCount\":0,\"image\":{\"@id\":\"https:\\\/\\\/carolinamejias.com\\\/entrevista-en-la-television-canaria-y-actualidad-del-dia\\\/#primaryimage\"},\"thumbnailUrl\":\"https:\\\/\\\/carolinamejias.com\\\/wp-content\\\/uploads\\\/2026\\\/04\\\/Captura-de-Pantalla-2026-04-29-a-las-7.45.56.jpg\",\"articleSection\":[\"Blog\"],\"inLanguage\":\"en-GB\",\"potentialAction\":[{\"@type\":\"CommentAction\",\"name\":\"Comment\",\"target\":[\"https:\\\/\\\/carolinamejias.com\\\/entrevista-en-la-television-canaria-y-actualidad-del-dia\\\/#respond\"]}]},{\"@type\":\"WebPage\",\"@id\":\"https:\\\/\\\/carolinamejias.com\\\/entrevista-en-la-television-canaria-y-actualidad-del-dia\\\/\",\"url\":\"https:\\\/\\\/carolinamejias.com\\\/entrevista-en-la-television-canaria-y-actualidad-del-dia\\\/\",\"name\":\"Entrevista en la Televisi\u00f3n Canaria y actualidad del d\u00eda - Cuadros por Encargo Gran Canaria - Carolina Mejias\",\"isPartOf\":{\"@id\":\"https:\\\/\\\/carolinamejias.com\\\/#website\"},\"primaryImageOfPage\":{\"@id\":\"https:\\\/\\\/carolinamejias.com\\\/entrevista-en-la-television-canaria-y-actualidad-del-dia\\\/#primaryimage\"},\"image\":{\"@id\":\"https:\\\/\\\/carolinamejias.com\\\/entrevista-en-la-television-canaria-y-actualidad-del-dia\\\/#primaryimage\"},\"thumbnailUrl\":\"https:\\\/\\\/carolinamejias.com\\\/wp-content\\\/uploads\\\/2026\\\/04\\\/Captura-de-Pantalla-2026-04-29-a-las-7.45.56.jpg\",\"datePublished\":\"2026-04-29T07:20:20+00:00\",\"author\":{\"@id\":\"https:\\\/\\\/carolinamejias.com\\\/#\\\/schema\\\/person\\\/7515e7ee795390fa8c0146b004bf4472\"},\"breadcrumb\":{\"@id\":\"https:\\\/\\\/carolinamejias.com\\\/entrevista-en-la-television-canaria-y-actualidad-del-dia\\\/#breadcrumb\"},\"inLanguage\":\"en-GB\",\"potentialAction\":[{\"@type\":\"ReadAction\",\"target\":[\"https:\\\/\\\/carolinamejias.com\\\/entrevista-en-la-television-canaria-y-actualidad-del-dia\\\/\"]}]},{\"@type\":\"ImageObject\",\"inLanguage\":\"en-GB\",\"@id\":\"https:\\\/\\\/carolinamejias.com\\\/entrevista-en-la-television-canaria-y-actualidad-del-dia\\\/#primaryimage\",\"url\":\"https:\\\/\\\/carolinamejias.com\\\/wp-content\\\/uploads\\\/2026\\\/04\\\/Captura-de-Pantalla-2026-04-29-a-las-7.45.56.jpg\",\"contentUrl\":\"https:\\\/\\\/carolinamejias.com\\\/wp-content\\\/uploads\\\/2026\\\/04\\\/Captura-de-Pantalla-2026-04-29-a-las-7.45.56.jpg\",\"width\":697,\"height\":376},{\"@type\":\"BreadcrumbList\",\"@id\":\"https:\\\/\\\/carolinamejias.com\\\/entrevista-en-la-television-canaria-y-actualidad-del-dia\\\/#breadcrumb\",\"itemListElement\":[{\"@type\":\"ListItem\",\"position\":1,\"name\":\"Portada\",\"item\":\"https:\\\/\\\/carolinamejias.com\\\/\"},{\"@type\":\"ListItem\",\"position\":2,\"name\":\"Entrevista en la Televisi\u00f3n Canaria y actualidad del d\u00eda\"}]},{\"@type\":\"WebSite\",\"@id\":\"https:\\\/\\\/carolinamejias.com\\\/#website\",\"url\":\"https:\\\/\\\/carolinamejias.com\\\/\",\"name\":\"Cuadros por Encargo Gran Canaria - Carolina Mejias\",\"description\":\"Pintora art\u00edstica en Las Palmas\",\"potentialAction\":[{\"@type\":\"SearchAction\",\"target\":{\"@type\":\"EntryPoint\",\"urlTemplate\":\"https:\\\/\\\/carolinamejias.com\\\/?s={search_term_string}\"},\"query-input\":{\"@type\":\"PropertyValueSpecification\",\"valueRequired\":true,\"valueName\":\"search_term_string\"}}],\"inLanguage\":\"en-GB\"},{\"@type\":\"Person\",\"@id\":\"https:\\\/\\\/carolinamejias.com\\\/#\\\/schema\\\/person\\\/7515e7ee795390fa8c0146b004bf4472\",\"name\":\"atsys\",\"image\":{\"@type\":\"ImageObject\",\"inLanguage\":\"en-GB\",\"@id\":\"https:\\\/\\\/secure.gravatar.com\\\/avatar\\\/47570eafb04ce9d910c93c937c92f0d2fc595507cc5f4508e583ef4e38abdd83?s=96&d=mm&r=g\",\"url\":\"https:\\\/\\\/secure.gravatar.com\\\/avatar\\\/47570eafb04ce9d910c93c937c92f0d2fc595507cc5f4508e583ef4e38abdd83?s=96&d=mm&r=g\",\"contentUrl\":\"https:\\\/\\\/secure.gravatar.com\\\/avatar\\\/47570eafb04ce9d910c93c937c92f0d2fc595507cc5f4508e583ef4e38abdd83?s=96&d=mm&r=g\",\"caption\":\"atsys\"}}]}<\/script>\n<!-- \/ Yoast SEO plugin. -->","yoast_head_json":{"title":"Entrevista en la Televisi\u00f3n Canaria y actualidad del d\u00eda - Cuadros por Encargo Gran Canaria - Carolina Mejias","robots":{"index":"index","follow":"follow","max-snippet":"max-snippet:-1","max-image-preview":"max-image-preview:large","max-video-preview":"max-video-preview:-1"},"canonical":"https:\/\/carolinamejias.com\/en\/entrevista-en-la-television-canaria-y-actualidad-del-dia\/","og_locale":"en_GB","og_type":"article","og_title":"Entrevista en la Televisi\u00f3n Canaria y actualidad del d\u00eda - Cuadros por Encargo Gran Canaria - Carolina Mejias","og_description":"Tu navegador no soporta la reproducci\u00f3n de video.","og_url":"https:\/\/carolinamejias.com\/en\/entrevista-en-la-television-canaria-y-actualidad-del-dia\/","og_site_name":"Cuadros por Encargo Gran Canaria - Carolina Mejias","article_published_time":"2026-04-29T07:20:20+00:00","og_image":[{"width":697,"height":376,"url":"https:\/\/carolinamejias.com\/wp-content\/uploads\/2026\/04\/Captura-de-Pantalla-2026-04-29-a-las-7.45.56.jpg","type":"image\/jpeg"}],"author":"atsys","twitter_card":"summary_large_image","twitter_misc":{"Written by":"atsys","Estimated reading time":"1 minute"},"schema":{"@context":"https:\/\/schema.org","@graph":[{"@type":"Article","@id":"https:\/\/carolinamejias.com\/entrevista-en-la-television-canaria-y-actualidad-del-dia\/#article","isPartOf":{"@id":"https:\/\/carolinamejias.com\/entrevista-en-la-television-canaria-y-actualidad-del-dia\/"},"author":{"name":"atsys","@id":"https:\/\/carolinamejias.com\/#\/schema\/person\/7515e7ee795390fa8c0146b004bf4472"},"headline":"Entrevista en la Televisi\u00f3n Canaria y actualidad del d\u00eda","datePublished":"2026-04-29T07:20:20+00:00","mainEntityOfPage":{"@id":"https:\/\/carolinamejias.com\/entrevista-en-la-television-canaria-y-actualidad-del-dia\/"},"wordCount":20,"commentCount":0,"image":{"@id":"https:\/\/carolinamejias.com\/entrevista-en-la-television-canaria-y-actualidad-del-dia\/#primaryimage"},"thumbnailUrl":"https:\/\/carolinamejias.com\/wp-content\/uploads\/2026\/04\/Captura-de-Pantalla-2026-04-29-a-las-7.45.56.jpg","articleSection":["Blog"],"inLanguage":"en-GB","potentialAction":[{"@type":"CommentAction","name":"Comment","target":["https:\/\/carolinamejias.com\/entrevista-en-la-television-canaria-y-actualidad-del-dia\/#respond"]}]},{"@type":"WebPage","@id":"https:\/\/carolinamejias.com\/entrevista-en-la-television-canaria-y-actualidad-del-dia\/","url":"https:\/\/carolinamejias.com\/entrevista-en-la-television-canaria-y-actualidad-del-dia\/","name":"Entrevista en la Televisi\u00f3n Canaria y actualidad del d\u00eda - Cuadros por Encargo Gran Canaria - Carolina Mejias","isPartOf":{"@id":"https:\/\/carolinamejias.com\/#website"},"primaryImageOfPage":{"@id":"https:\/\/carolinamejias.com\/entrevista-en-la-television-canaria-y-actualidad-del-dia\/#primaryimage"},"image":{"@id":"https:\/\/carolinamejias.com\/entrevista-en-la-television-canaria-y-actualidad-del-dia\/#primaryimage"},"thumbnailUrl":"https:\/\/carolinamejias.com\/wp-content\/uploads\/2026\/04\/Captura-de-Pantalla-2026-04-29-a-las-7.45.56.jpg","datePublished":"2026-04-29T07:20:20+00:00","author":{"@id":"https:\/\/carolinamejias.com\/#\/schema\/person\/7515e7ee795390fa8c0146b004bf4472"},"breadcrumb":{"@id":"https:\/\/carolinamejias.com\/entrevista-en-la-television-canaria-y-actualidad-del-dia\/#breadcrumb"},"inLanguage":"en-GB","potentialAction":[{"@type":"ReadAction","target":["https:\/\/carolinamejias.com\/entrevista-en-la-television-canaria-y-actualidad-del-dia\/"]}]},{"@type":"ImageObject","inLanguage":"en-GB","@id":"https:\/\/carolinamejias.com\/entrevista-en-la-television-canaria-y-actualidad-del-dia\/#primaryimage","url":"https:\/\/carolinamejias.com\/wp-content\/uploads\/2026\/04\/Captura-de-Pantalla-2026-04-29-a-las-7.45.56.jpg","contentUrl":"https:\/\/carolinamejias.com\/wp-content\/uploads\/2026\/04\/Captura-de-Pantalla-2026-04-29-a-las-7.45.56.jpg","width":697,"height":376},{"@type":"BreadcrumbList","@id":"https:\/\/carolinamejias.com\/entrevista-en-la-television-canaria-y-actualidad-del-dia\/#breadcrumb","itemListElement":[{"@type":"ListItem","position":1,"name":"Portada","item":"https:\/\/carolinamejias.com\/"},{"@type":"ListItem","position":2,"name":"Entrevista en la Televisi\u00f3n Canaria y actualidad del d\u00eda"}]},{"@type":"WebSite","@id":"https:\/\/carolinamejias.com\/#website","url":"https:\/\/carolinamejias.com\/","name":"Cuadros por Encargo Gran Canaria - Carolina Mejias","description":"Pintora art\u00edstica en Las Palmas","potentialAction":[{"@type":"SearchAction","target":{"@type":"EntryPoint","urlTemplate":"https:\/\/carolinamejias.com\/?s={search_term_string}"},"query-input":{"@type":"PropertyValueSpecification","valueRequired":true,"valueName":"search_term_string"}}],"inLanguage":"en-GB"},{"@type":"Person","@id":"https:\/\/carolinamejias.com\/#\/schema\/person\/7515e7ee795390fa8c0146b004bf4472","name":"atsys","image":{"@type":"ImageObject","inLanguage":"en-GB","@id":"https:\/\/secure.gravatar.com\/avatar\/47570eafb04ce9d910c93c937c92f0d2fc595507cc5f4508e583ef4e38abdd83?s=96&d=mm&r=g","url":"https:\/\/secure.gravatar.com\/avatar\/47570eafb04ce9d910c93c937c92f0d2fc595507cc5f4508e583ef4e38abdd83?s=96&d=mm&r=g","contentUrl":"https:\/\/secure.gravatar.com\/avatar\/47570eafb04ce9d910c93c937c92f0d2fc595507cc5f4508e583ef4e38abdd83?s=96&d=mm&r=g","caption":"atsys"}}]}},"_links":{"self":[{"href":"https:\/\/carolinamejias.com\/en\/wp-json\/wp\/v2\/posts\/883","targetHints":{"allow":["GET"]}}],"collection":[{"href":"https:\/\/carolinamejias.com\/en\/wp-json\/wp\/v2\/posts"}],"about":[{"href":"https:\/\/carolinamejias.com\/en\/wp-json\/wp\/v2\/types\/post"}],"author":[{"embeddable":true,"href":"https:\/\/carolinamejias.com\/en\/wp-json\/wp\/v2\/users\/3"}],"replies":[{"embeddable":true,"href":"https:\/\/carolinamejias.com\/en\/wp-json\/wp\/v2\/comments?post=883"}],"version-history":[{"count":1,"href":"https:\/\/carolinamejias.com\/en\/wp-json\/wp\/v2\/posts\/883\/revisions"}],"predecessor-version":[{"id":884,"href":"https:\/\/carolinamejias.com\/en\/wp-json\/wp\/v2\/posts\/883\/revisions\/884"}],"wp:featuredmedia":[{"embeddable":true,"href":"https:\/\/carolinamejias.com\/en\/wp-json\/wp\/v2\/media\/879"}],"wp:attachment":[{"href":"https:\/\/carolinamejias.com\/en\/wp-json\/wp\/v2\/media?parent=883"}],"wp:term":[{"taxonomy":"category","embeddable":true,"href":"https:\/\/carolinamejias.com\/en\/wp-json\/wp\/v2\/categories?post=883"},{"taxonomy":"post_tag","embeddable":true,"href":"https:\/\/carolinamejias.com\/en\/wp-json\/wp\/v2\/tags?post=883"}],"curies":[{"name":"wp","href":"https:\/\/api.w.org\/{rel}","templated":true}]}}